{"id":118620,"date":"2024-02-14T14:16:48","date_gmt":"2024-02-14T14:16:48","guid":{"rendered":"https:\/\/www.veraclinic.net\/?p=118620"},"modified":"2024-02-14T14:16:48","modified_gmt":"2024-02-14T14:16:48","slug":"vitamin-d-fuer-haarwachstum","status":"publish","type":"post","link":"https:\/\/www.veraclinic.net\/de\/vitamin-d-fuer-haarwachstum\/","title":{"rendered":"Wie f\u00f6rdert Vitamin D das Haarwachstum? Alle Details"},"content":{"rendered":"\n<div id=\"ez-toc-container\" class=\"ez-toc-v2_0_82_2 counter-hierarchy ez-toc-counter ez-toc-grey ez-toc-container-direction\">\n<div class=\"ez-toc-title-container\">\n<span class=\"ez-toc-title-toggle\"><\/span><\/div>\n<nav><ul class='ez-toc-list ez-toc-list-level-1 ' ><li class='ez-toc-page-1 ez-toc-heading-level-2'><a class=\"ez-toc-link ez-toc-heading-1\" href=\"https:\/\/www.veraclinic.net\/de\/vitamin-d-fuer-haarwachstum\/#Einleitung\" >Einleitung<\/a><\/li><li class='ez-toc-page-1 ez-toc-heading-level-2'><a class=\"ez-toc-link ez-toc-heading-2\" href=\"https:\/\/www.veraclinic.net\/de\/vitamin-d-fuer-haarwachstum\/#Die_Rolle_von_Vitamin_D_beim_Haarwachstum\" >Die Rolle von Vitamin D beim Haarwachstum<\/a><ul class='ez-toc-list-level-3' ><li class='ez-toc-heading-level-3'><a class=\"ez-toc-link ez-toc-heading-3\" href=\"https:\/\/www.veraclinic.net\/de\/vitamin-d-fuer-haarwachstum\/#Knochen-_und_Haargesundheit\" >Knochen- und Haargesundheit<\/a><\/li><li class='ez-toc-page-1 ez-toc-heading-level-3'><a class=\"ez-toc-link ez-toc-heading-4\" href=\"https:\/\/www.veraclinic.net\/de\/vitamin-d-fuer-haarwachstum\/#Hormonregulation\" >Hormonregulation<\/a><\/li><li class='ez-toc-page-1 ez-toc-heading-level-3'><a class=\"ez-toc-link ez-toc-heading-5\" href=\"https:\/\/www.veraclinic.net\/de\/vitamin-d-fuer-haarwachstum\/#Immunsystem_und_Entzuendung\" >Immunsystem und Entz\u00fcndung<\/a><\/li><\/ul><\/li><li class='ez-toc-page-1 ez-toc-heading-level-2'><a class=\"ez-toc-link ez-toc-heading-6\" href=\"https:\/\/www.veraclinic.net\/de\/vitamin-d-fuer-haarwachstum\/#Die_Auswirkungen_von_Vitamin_D-Mangel_auf_das_Haar\" >Die Auswirkungen von Vitamin D-Mangel auf das Haar<\/a><ul class='ez-toc-list-level-3' ><li class='ez-toc-heading-level-3'><a class=\"ez-toc-link ez-toc-heading-7\" href=\"https:\/\/www.veraclinic.net\/de\/vitamin-d-fuer-haarwachstum\/#Haarausfall\" >Haarausfall<\/a><\/li><li class='ez-toc-page-1 ez-toc-heading-level-3'><a class=\"ez-toc-link ez-toc-heading-8\" href=\"https:\/\/www.veraclinic.net\/de\/vitamin-d-fuer-haarwachstum\/#Langsames_Haarwachstum\" >Langsames Haarwachstum<\/a><\/li><\/ul><\/li><li class='ez-toc-page-1 ez-toc-heading-level-2'><a class=\"ez-toc-link ez-toc-heading-9\" href=\"https:\/\/www.veraclinic.net\/de\/vitamin-d-fuer-haarwachstum\/#Wie_kann_man_den_Vitamin_D-Spiegel_erhoehen\" >Wie kann man den Vitamin D-Spiegel erh\u00f6hen?<\/a><ul class='ez-toc-list-level-3' ><li class='ez-toc-heading-level-3'><a class=\"ez-toc-link ez-toc-heading-10\" href=\"https:\/\/www.veraclinic.net\/de\/vitamin-d-fuer-haarwachstum\/#Sonneneinstrahlung\" >Sonneneinstrahlung<\/a><\/li><li class='ez-toc-page-1 ez-toc-heading-level-3'><a class=\"ez-toc-link ez-toc-heading-11\" href=\"https:\/\/www.veraclinic.net\/de\/vitamin-d-fuer-haarwachstum\/#Ernaehrung\" >Ern\u00e4hrung<\/a><\/li><li class='ez-toc-page-1 ez-toc-heading-level-3'><a class=\"ez-toc-link ez-toc-heading-12\" href=\"https:\/\/www.veraclinic.net\/de\/vitamin-d-fuer-haarwachstum\/#Nahrungsergaenzungsmittel\" >Nahrungserg\u00e4nzungsmittel<\/a><\/li><\/ul><\/li><li class='ez-toc-page-1 ez-toc-heading-level-2'><a class=\"ez-toc-link ez-toc-heading-13\" href=\"https:\/\/www.veraclinic.net\/de\/vitamin-d-fuer-haarwachstum\/#Schlussfolgerung_Die_Bedeutung_von_Vitamin_D_fuer_das_Haarwachstum\" >Schlussfolgerung: Die Bedeutung von Vitamin D f\u00fcr das Haarwachstum<\/a><\/li><\/ul><\/nav><\/div>\n<h2 class=\"wp-block-heading\" id=\"h-einleitung\"><span class=\"ez-toc-section\" id=\"Einleitung\"><\/span><strong>Einleitung<\/strong><span class=\"ez-toc-section-end\"><\/span><\/h2>\n\n\n\n<p>Vitamin D ist ein fettl\u00f6sliches Vitamin, das eine entscheidende Rolle im K\u00f6rper spielt. Es ist wichtig f\u00fcr die Aufnahme von Kalzium und Phosphor und tr\u00e4gt zur Erhaltung gesunder Knochen, Z\u00e4hne und Muskeln bei. Zus\u00e4tzlich zu diesen Funktionen hat Vitamin D auch Auswirkungen auf das Haarwachstum. In diesem Artikel werden wir detailliert untersuchen, wie Vitamin D das Haarwachstum f\u00f6rdert und welche Mechanismen dabei eine Rolle spielen. Dar\u00fcber hinaus werden wir auch etwas \u00fcber die <a href=\"https:\/\/www.veraclinic.net\/de\/\">beste Haartransplantationsklinik<\/a>, die Vera Clinic, erw\u00e4hnen.<\/p>\n\n\n\n<h2 class=\"wp-block-heading\" id=\"h-die-rolle-von-vitamin-d-beim-haarwachstum\"><span class=\"ez-toc-section\" id=\"Die_Rolle_von_Vitamin_D_beim_Haarwachstum\"><\/span><strong>Die Rolle von Vitamin D beim Haarwachstum<\/strong><span class=\"ez-toc-section-end\"><\/span><\/h2>\n\n\n\n<h3 class=\"wp-block-heading\" id=\"h-knochen-und-haargesundheit\"><span class=\"ez-toc-section\" id=\"Knochen-_und_Haargesundheit\"><\/span><strong>Knochen- und Haargesundheit<\/strong><span class=\"ez-toc-section-end\"><\/span><\/h3>\n\n\n\n<p>Vitamin D spielt eine wichtige Rolle bei der Regulierung des Kalziumstoffwechsels im K\u00f6rper. Kalzium ist ein entscheidender Bestandteil der Haarstruktur und ist f\u00fcr das Wachstum und die Gesundheit der Haare unerl\u00e4sslich. Ein Mangel an Vitamin D kann zu einer verringerten Aufnahme von Kalzium f\u00fchren und zu Knochen- und Haarproblemen f\u00fchren. Indem es den Kalziumhaushalt reguliert, tr\u00e4gt Vitamin D dazu bei, das Haar gesund und stark zu halten und das Haarwachstum zu f\u00f6rdern.<\/p>\n\n\n\n<h3 class=\"wp-block-heading\" id=\"h-hormonregulation\"><span class=\"ez-toc-section\" id=\"Hormonregulation\"><\/span><strong>Hormonregulation<\/strong><span class=\"ez-toc-section-end\"><\/span><\/h3>\n\n\n\n<p>Vitamin D beeinflusst auch den Hormonhaushalt im K\u00f6rper, insbesondere das Gleichgewicht zwischen \u00d6strogen und Testosteron. Ein Ungleichgewicht dieser Hormone kann zu Haarausfall f\u00fchren. Vitamin D hilft, das richtige Verh\u00e4ltnis von \u00d6strogen zu Testosteron aufrechtzuerhalten und f\u00f6rdert so das Haarwachstum. Dar\u00fcber hinaus spielt Vitamin D auch bei der Regulation anderer Hormone eine Rolle, die das Haarwachstum beeinflussen k\u00f6nnen.<\/p>\n\n\n\n<h3 class=\"wp-block-heading\" id=\"h-immunsystem-und-entzundung\"><span class=\"ez-toc-section\" id=\"Immunsystem_und_Entzuendung\"><\/span><strong>Immunsystem und Entz\u00fcndung<\/strong><span class=\"ez-toc-section-end\"><\/span><\/h3>\n\n\n\n<p>Vitamin D hat entz\u00fcndungshemmende Eigenschaften und unterst\u00fctzt das Immunsystem. Entz\u00fcndungen der Kopfhaut k\u00f6nnen das Haarwachstum beeintr\u00e4chtigen und zu Haarausfall f\u00fchren. Durch seine immunmodulatorischen Eigenschaften kann Vitamin D helfen, Entz\u00fcndungen zu reduzieren und die Kopfhautgesundheit zu verbessern, was wiederum das Haarwachstum beg\u00fcnstigt.<\/p>\n\n\n\n<h2 class=\"wp-block-heading\" id=\"h-die-auswirkungen-von-vitamin-d-mangel-auf-das-haar\"><span class=\"ez-toc-section\" id=\"Die_Auswirkungen_von_Vitamin_D-Mangel_auf_das_Haar\"><\/span><strong>Die Auswirkungen von Vitamin D-Mangel auf das Haar<\/strong><span class=\"ez-toc-section-end\"><\/span><\/h2>\n\n\n\n<h3 class=\"wp-block-heading\" id=\"h-haarausfall\"><span class=\"ez-toc-section\" id=\"Haarausfall\"><\/span><strong>Haarausfall<\/strong><span class=\"ez-toc-section-end\"><\/span><\/h3>\n\n\n\n<p>Ein Mangel an Vitamin D kann zu Haarausfall f\u00fchren. Studien haben gezeigt, dass Menschen mit niedrigem Vitamin-D-Spiegel h\u00e4ufiger unter Haarausfall leiden als Menschen mit ausreichendem Vitamin-D-Spiegel. Vitamin D-Mangel kann dazu f\u00fchren, dass das Haar d\u00fcnn, br\u00fcchig und schwach wird, was wiederum zu Haarausfall f\u00fchrt. Es ist wichtig, den Vitamin D-Spiegel auf einem ausreichenden Niveau zu halten, um Haarausfall vorzubeugen und das Haar gesund zu erhalten.<\/p>\n\n\n\n<h3 class=\"wp-block-heading\" id=\"h-langsames-haarwachstum\"><span class=\"ez-toc-section\" id=\"Langsames_Haarwachstum\"><\/span><strong>Langsames Haarwachstum<\/strong><span class=\"ez-toc-section-end\"><\/span><\/h3>\n\n\n\n<p>Neben Haarausfall kann Vitamin D-Mangel auch zu langsamem Haarwachstum f\u00fchren. Vitamin D ist wichtig f\u00fcr die Produktion neuer Haarzellen, die das Haarwachstum unterst\u00fctzen. Wenn der K\u00f6rper nicht gen\u00fcgend Vitamin D erh\u00e4lt, wird die Produktion neuer Haarzellen beeintr\u00e4chtigt, was zu einem verlangsamten Haarwachstum f\u00fchren kann. Um das Haar gesund und stark wachsen zu lassen, ist es wichtig sicherzustellen, dass der K\u00f6rper ausreichend mit Vitamin D versorgt wird.<\/p>\n\n\n\n<h2 class=\"wp-block-heading\" id=\"h-wie-kann-man-den-vitamin-d-spiegel-erhohen\"><span class=\"ez-toc-section\" id=\"Wie_kann_man_den_Vitamin_D-Spiegel_erhoehen\"><\/span><strong>Wie kann man den Vitamin D-Spiegel erh\u00f6hen?<\/strong><span class=\"ez-toc-section-end\"><\/span><\/h2>\n\n\n\n<p>Es gibt mehrere M\u00f6glichkeiten, den Vitamin D-Spiegel im K\u00f6rper zu erh\u00f6hen:<\/p>\n\n\n\n<h3 class=\"wp-block-heading\" id=\"h-sonneneinstrahlung\"><span class=\"ez-toc-section\" id=\"Sonneneinstrahlung\"><\/span><strong>Sonneneinstrahlung<\/strong><span class=\"ez-toc-section-end\"><\/span><\/h3>\n\n\n\n<p>Die Haut produziert Vitamin D, wenn sie ultravioletter (UV) Strahlung ausgesetzt wird. Es wird empfohlen, sich t\u00e4glich f\u00fcr etwa 10 bis 15 Minuten ohne Sonnenschutzmittel der Sonne auszusetzen, um ausreichend Vitamin D zu produzieren. Es ist wichtig sicherzustellen, dass der gr\u00f6\u00dfte Teil der Haut, insbesondere Gesicht, Arme und Beine, der Sonne ausgesetzt ist.<\/p>\n\n\n\n<h3 class=\"wp-block-heading\" id=\"h-ernahrung\"><span class=\"ez-toc-section\" id=\"Ernaehrung\"><\/span><strong>Ern\u00e4hrung<\/strong><span class=\"ez-toc-section-end\"><\/span><\/h3>\n\n\n\n<p>Eine ausgewogene Ern\u00e4hrung, die reich an Vitamin D ist, kann dazu beitragen, den Vitamin D-Spiegel im K\u00f6rper zu erh\u00f6hen. Lebensmittel wie fetter Fisch (z.B. Lachs, Makrele und Hering), Eigelb, Leber und Pilze enthalten nat\u00fcrliches Vitamin D. Es ist wichtig, diese Vitamin-D-reichen Lebensmittel regelm\u00e4\u00dfig in die Ern\u00e4hrung einzubeziehen.<\/p>\n\n\n\n<h3 class=\"wp-block-heading\" id=\"h-nahrungserganzungsmittel\"><span class=\"ez-toc-section\" id=\"Nahrungsergaenzungsmittel\"><\/span><strong>Nahrungserg\u00e4nzungsmittel<\/strong><span class=\"ez-toc-section-end\"><\/span><\/h3>\n\n\n\n<p>Wenn es schwierig ist, den Vitamin D-Bedarf allein \u00fcber Sonneneinstrahlung und Ern\u00e4hrung zu decken, k\u00f6nnen Nahrungserg\u00e4nzungsmittel eine Option sein. Vitamin D-Pr\u00e4parate sind in verschiedenen Formen (Tabletten, Tropfen, Kapseln) und Dosierungen erh\u00e4ltlich und k\u00f6nnen helfen, den Vitamin D-Spiegel auszugleichen. Es ist wichtig, vor der Einnahme von Nahrungserg\u00e4nzungsmitteln einen Arzt zu konsultieren, um die geeignete Dosierung und Art des Pr\u00e4parats zu bestimmen.<\/p>\n\n\n\n<h2 class=\"wp-block-heading\" id=\"h-schlussfolgerung-die-bedeutung-von-vitamin-d-fur-das-haarwachstum\"><span class=\"ez-toc-section\" id=\"Schlussfolgerung_Die_Bedeutung_von_Vitamin_D_fuer_das_Haarwachstum\"><\/span><strong>Schlussfolgerung: Die Bedeutung von Vitamin D f\u00fcr das Haarwachstum<\/strong><span class=\"ez-toc-section-end\"><\/span><\/h2>\n\n\n\n<p>Es ist auch ratsam, Expertenmeinungen zu suchen, um Ihren Vitamin D-gehalt und Ihre Haargesundheit genau zu \u00fcberwachen. In diesem Zusammenhang kann Ihnen eine qualifizierte Haarspezialistin wie die Vera Clinic helfen. Die Vera Clinic ist eine renommierte Klinik, die eine Vielzahl von Haarbehandlungen und Beratungen anbietet. Sie k\u00f6nnen sich an die Vera Clinic wenden, um Ihre individuellen Bed\u00fcrfnisse und Fragen im Zusammenhang mit Haarwachstum und -gesundheit zu besprechen. Zusammen mit einer gesunden Ern\u00e4hrung und einer ausreichenden Zufuhr von Vitamin D kann die Unterst\u00fctzung durch eine Fachkraft wie die Vera Clinic helfen, Ihre Haare stark und gesund zu halten.<\/p>\n","protected":false},"excerpt":{"rendered":"<p>Einleitung Vitamin D ist ein fettl\u00f6sliches Vitamin, das eine entscheidende Rolle im K\u00f6rper spielt. Es ist wichtig f\u00fcr die Aufnahme<\/p>\n","protected":false},"author":1,"featured_media":118621,"comment_status":"closed","ping_status":"open","sticky":false,"template":"","format":"standard","meta":{"inline_featured_image":false,"footnotes":""},"categories":[10],"tags":[],"class_list":["post-118620","post","type-post","status-publish","format-standard","has-post-thumbnail","hentry","category-unkategorisiert","infinite-scroll-item","generate-columns","tablet-grid-50","mobile-grid-100","grid-parent","grid-33"],"lang":"de","translations":{"de":118620},"yoast_head":"<!-- This site is optimized with the Yoast SEO Premium plugin v27.4 (Yoast SEO v27.4) - https:\/\/yoast.com\/product\/yoast-seo-premium-wordpress\/ -->\n<title>Wie f\u00f6rdert Vitamin D das Haarwachstum? Alle Details<\/title>\n<meta name=\"description\" content=\"Vitamin D Haarwachstum, Vitamin D ist ein fettl\u00f6sliches Vitamin, das eine entscheidende Rolle im K\u00f6rper spielt. Es ist wichtig f\u00fcr die...\" \/>\n<meta name=\"robots\" content=\"index, follow, max-snippet:-1, max-image-preview:large, max-video-preview:-1\" \/>\n<link rel=\"canonical\" href=\"https:\/\/www.veraclinic.net\/de\/vitamin-d-fuer-haarwachstum\/\" \/>\n<meta property=\"og:locale\" content=\"de_DE\" \/>\n<meta property=\"og:type\" content=\"article\" \/>\n<meta property=\"og:title\" content=\"Wie f\u00f6rdert Vitamin D das Haarwachstum? Alle Details\" \/>\n<meta property=\"og:description\" content=\"Vitamin D Haarwachstum, Vitamin D ist ein fettl\u00f6sliches Vitamin, das eine entscheidende Rolle im K\u00f6rper spielt. Es ist wichtig f\u00fcr die...\" \/>\n<meta property=\"og:url\" content=\"https:\/\/www.veraclinic.net\/de\/vitamin-d-fuer-haarwachstum\/\" \/>\n<meta property=\"og:site_name\" content=\"VeraClinic\" \/>\n<meta property=\"article:publisher\" content=\"https:\/\/www.facebook.com\/veraclinic.net\" \/>\n<meta property=\"article:published_time\" content=\"2024-02-14T14:16:48+00:00\" \/>\n<meta property=\"og:image\" content=\"https:\/\/www.veraclinic.net\/wp-content\/uploads\/2024\/02\/Wie-fordert-Vitamin-D-das-Haarwachstum-Alle-Details.webp\" \/>\n\t<meta property=\"og:image:width\" content=\"780\" \/>\n\t<meta property=\"og:image:height\" content=\"470\" \/>\n\t<meta property=\"og:image:type\" content=\"image\/webp\" \/>\n<meta name=\"author\" content=\"Serkan Kaya\" \/>\n<meta name=\"twitter:card\" content=\"summary_large_image\" \/>\n<meta name=\"twitter:creator\" content=\"@veraclinic\" \/>\n<meta name=\"twitter:site\" content=\"@veraclinic\" \/>\n<meta name=\"twitter:label1\" content=\"Verfasst von\" \/>\n\t<meta name=\"twitter:data1\" content=\"Serkan Kaya\" \/>\n\t<meta name=\"twitter:label2\" content=\"Gesch\u00e4tzte Lesezeit\" \/>\n\t<meta name=\"twitter:data2\" content=\"4\u00a0Minuten\" \/>\n<script type=\"application\/ld+json\" class=\"yoast-schema-graph\">{\"@context\":\"https:\\\/\\\/schema.org\",\"@graph\":[{\"@type\":[\"Article\",\"BlogPosting\"],\"@id\":\"https:\\\/\\\/www.veraclinic.net\\\/de\\\/vitamin-d-fuer-haarwachstum\\\/#article\",\"isPartOf\":{\"@id\":\"https:\\\/\\\/www.veraclinic.net\\\/de\\\/vitamin-d-fuer-haarwachstum\\\/\"},\"author\":{\"name\":\"Serkan Kaya\",\"@id\":\"https:\\\/\\\/www.veraclinic.net\\\/de\\\/#\\\/schema\\\/person\\\/cf2a89faa60b0f336c0e3ddd9a9ebf93\"},\"headline\":\"Wie f\u00f6rdert Vitamin D das Haarwachstum? Alle Details\",\"datePublished\":\"2024-02-14T14:16:48+00:00\",\"mainEntityOfPage\":{\"@id\":\"https:\\\/\\\/www.veraclinic.net\\\/de\\\/vitamin-d-fuer-haarwachstum\\\/\"},\"wordCount\":775,\"publisher\":{\"@id\":\"https:\\\/\\\/www.veraclinic.net\\\/de\\\/#organization\"},\"image\":{\"@id\":\"https:\\\/\\\/www.veraclinic.net\\\/de\\\/vitamin-d-fuer-haarwachstum\\\/#primaryimage\"},\"thumbnailUrl\":\"https:\\\/\\\/www.veraclinic.net\\\/wp-content\\\/uploads\\\/2024\\\/02\\\/Wie-fordert-Vitamin-D-das-Haarwachstum-Alle-Details.webp\",\"articleSection\":[\"Unkategorisiert\"],\"inLanguage\":\"de\"},{\"@type\":\"MedicalWebPage\",\"@id\":\"https:\\\/\\\/www.veraclinic.net\\\/de\\\/vitamin-d-fuer-haarwachstum\\\/\",\"url\":\"https:\\\/\\\/www.veraclinic.net\\\/de\\\/vitamin-d-fuer-haarwachstum\\\/\",\"name\":\"Wie f\u00f6rdert Vitamin D das Haarwachstum? Alle Details\",\"isPartOf\":{\"@id\":\"https:\\\/\\\/www.veraclinic.net\\\/de\\\/#website\"},\"primaryImageOfPage\":{\"@id\":\"https:\\\/\\\/www.veraclinic.net\\\/de\\\/vitamin-d-fuer-haarwachstum\\\/#primaryimage\"},\"image\":{\"@id\":\"https:\\\/\\\/www.veraclinic.net\\\/de\\\/vitamin-d-fuer-haarwachstum\\\/#primaryimage\"},\"thumbnailUrl\":\"https:\\\/\\\/www.veraclinic.net\\\/wp-content\\\/uploads\\\/2024\\\/02\\\/Wie-fordert-Vitamin-D-das-Haarwachstum-Alle-Details.webp\",\"datePublished\":\"2024-02-14T14:16:48+00:00\",\"description\":\"Vitamin D Haarwachstum, Vitamin D ist ein fettl\u00f6sliches Vitamin, das eine entscheidende Rolle im K\u00f6rper spielt. Es ist wichtig f\u00fcr die...\",\"breadcrumb\":{\"@id\":\"https:\\\/\\\/www.veraclinic.net\\\/de\\\/vitamin-d-fuer-haarwachstum\\\/#breadcrumb\"},\"inLanguage\":\"de\",\"potentialAction\":[{\"@type\":\"ReadAction\",\"target\":[\"https:\\\/\\\/www.veraclinic.net\\\/de\\\/vitamin-d-fuer-haarwachstum\\\/\"]}],\"reviewedBy\":{\"@type\":\"Physician\",\"@id\":\"https:\\\/\\\/www.veraclinic.net\\\/our-doctors\\\/emin-gul\\\/#physician\"},\"lastReviewed\":\"2024-02-14\",\"audience\":{\"@type\":\"MedicalAudience\",\"audienceType\":\"Patients\"}},{\"@type\":\"ImageObject\",\"inLanguage\":\"de\",\"@id\":\"https:\\\/\\\/www.veraclinic.net\\\/de\\\/vitamin-d-fuer-haarwachstum\\\/#primaryimage\",\"url\":\"https:\\\/\\\/www.veraclinic.net\\\/wp-content\\\/uploads\\\/2024\\\/02\\\/Wie-fordert-Vitamin-D-das-Haarwachstum-Alle-Details.webp\",\"contentUrl\":\"https:\\\/\\\/www.veraclinic.net\\\/wp-content\\\/uploads\\\/2024\\\/02\\\/Wie-fordert-Vitamin-D-das-Haarwachstum-Alle-Details.webp\",\"width\":780,\"height\":470,\"caption\":\"Wie f\u00f6rdert Vitamin D das Haarwachstum\"},{\"@type\":\"BreadcrumbList\",\"@id\":\"https:\\\/\\\/www.veraclinic.net\\\/de\\\/vitamin-d-fuer-haarwachstum\\\/#breadcrumb\",\"itemListElement\":[{\"@type\":\"ListItem\",\"position\":1,\"name\":\"Haartransplantation in der T\u00fcrkei\",\"item\":\"https:\\\/\\\/www.veraclinic.net\\\/de\\\/\"},{\"@type\":\"ListItem\",\"position\":2,\"name\":\"Wie f\u00f6rdert Vitamin D das Haarwachstum? Alle Details\"}]},{\"@type\":\"WebSite\",\"@id\":\"https:\\\/\\\/www.veraclinic.net\\\/de\\\/#website\",\"url\":\"https:\\\/\\\/www.veraclinic.net\\\/de\\\/\",\"name\":\"Hair Transplant Turkey - Istanbul 2026\",\"description\":\"Hair Transplant Turkey - Istanbul 2026\",\"publisher\":{\"@id\":\"https:\\\/\\\/www.veraclinic.net\\\/de\\\/#organization\"},\"alternateName\":\"Vera Clinic\",\"potentialAction\":[{\"@type\":\"SearchAction\",\"target\":{\"@type\":\"EntryPoint\",\"urlTemplate\":\"https:\\\/\\\/www.veraclinic.net\\\/de\\\/?s={search_term_string}\"},\"query-input\":{\"@type\":\"PropertyValueSpecification\",\"valueRequired\":true,\"valueName\":\"search_term_string\"}}],\"inLanguage\":\"de\"},{\"@type\":[\"Organization\",\"MedicalBusiness\",\"MedicalOrganization\"],\"@id\":\"https:\\\/\\\/www.veraclinic.net\\\/#medicalorg\",\"name\":\"Vera Clinic | Hair Transplant Turkey - Istanbul\",\"alternateName\":\"Vera Clinic\",\"url\":\"https:\\\/\\\/www.veraclinic.net\\\/de\\\/\",\"logo\":{\"@type\":\"ImageObject\",\"inLanguage\":\"de\",\"@id\":\"https:\\\/\\\/www.veraclinic.net\\\/de\\\/#\\\/schema\\\/logo\\\/image\\\/\",\"url\":\"https:\\\/\\\/www.veraclinic.net\\\/wp-content\\\/uploads\\\/2023\\\/08\\\/Black.svg\",\"contentUrl\":\"https:\\\/\\\/www.veraclinic.net\\\/wp-content\\\/uploads\\\/2023\\\/08\\\/Black.svg\",\"caption\":\"Vera Clinic | Hair Transplant Turkey - Istanbul\"},\"image\":{\"@id\":\"https:\\\/\\\/www.veraclinic.net\\\/de\\\/#\\\/schema\\\/logo\\\/image\\\/\"},\"sameAs\":[\"https:\\\/\\\/www.facebook.com\\\/veraclinic.net\",\"https:\\\/\\\/x.com\\\/veraclinic\",\"https:\\\/\\\/www.instagram.com\\\/veraclinic\",\"https:\\\/\\\/www.linkedin.com\\\/company\\\/veraclinic\\\/\",\"https:\\\/\\\/www.pinterest.com\\\/veraclinic\\\/\",\"https:\\\/\\\/www.youtube.com\\\/c\\\/VeraClinic\"],\"legalName\":\"ESTEVERA SA\u011eLIK H\u0130Z. VE DAN. T\u0130C. LTD. ST\u0130.\",\"vatID\":\"936499-0\",\"taxID\":\"3800538109\",\"medicalSpecialty\":[\"Dermatology\",\"PlasticSurgery\",\"Hair Restoration\"],\"slogan\":\"Hair Transplant Turkey - Istanbul 2026\",\"department\":{\"@type\":\"MedicalClinic\",\"name\":\"Hair Restoration Clinic\",\"image\":\"https:\\\/\\\/www.veraclinic.net\\\/wp-content\\\/uploads\\\/2023\\\/08\\\/Black.svg\"}},{\"@type\":\"Person\",\"@id\":\"https:\\\/\\\/www.veraclinic.net\\\/de\\\/#\\\/schema\\\/person\\\/cf2a89faa60b0f336c0e3ddd9a9ebf93\",\"name\":\"Serkan Kaya\",\"image\":{\"@type\":\"ImageObject\",\"inLanguage\":\"de\",\"@id\":\"https:\\\/\\\/secure.gravatar.com\\\/avatar\\\/7be7270f63c439d0c7a2eb338af8fdae8d8a9bcf26af0aa6d1e01bfdf92390b5?s=96&d=mm&r=g\",\"url\":\"https:\\\/\\\/secure.gravatar.com\\\/avatar\\\/7be7270f63c439d0c7a2eb338af8fdae8d8a9bcf26af0aa6d1e01bfdf92390b5?s=96&d=mm&r=g\",\"contentUrl\":\"https:\\\/\\\/secure.gravatar.com\\\/avatar\\\/7be7270f63c439d0c7a2eb338af8fdae8d8a9bcf26af0aa6d1e01bfdf92390b5?s=96&d=mm&r=g\",\"caption\":\"Serkan Kaya\"},\"sameAs\":[\"https:\\\/\\\/www.veraclinic.net\"]}]}<\/script>\n<!-- \/ Yoast SEO Premium plugin. -->","yoast_head_json":{"title":"Wie f\u00f6rdert Vitamin D das Haarwachstum? Alle Details","description":"Vitamin D Haarwachstum, Vitamin D ist ein fettl\u00f6sliches Vitamin, das eine entscheidende Rolle im K\u00f6rper spielt. Es ist wichtig f\u00fcr die...","robots":{"index":"index","follow":"follow","max-snippet":"max-snippet:-1","max-image-preview":"max-image-preview:large","max-video-preview":"max-video-preview:-1"},"canonical":"https:\/\/www.veraclinic.net\/de\/vitamin-d-fuer-haarwachstum\/","og_locale":"de_DE","og_type":"article","og_title":"Wie f\u00f6rdert Vitamin D das Haarwachstum? Alle Details","og_description":"Vitamin D Haarwachstum, Vitamin D ist ein fettl\u00f6sliches Vitamin, das eine entscheidende Rolle im K\u00f6rper spielt. Es ist wichtig f\u00fcr die...","og_url":"https:\/\/www.veraclinic.net\/de\/vitamin-d-fuer-haarwachstum\/","og_site_name":"VeraClinic","article_publisher":"https:\/\/www.facebook.com\/veraclinic.net","article_published_time":"2024-02-14T14:16:48+00:00","og_image":[{"width":780,"height":470,"url":"https:\/\/www.veraclinic.net\/wp-content\/uploads\/2024\/02\/Wie-fordert-Vitamin-D-das-Haarwachstum-Alle-Details.webp","type":"image\/webp"}],"author":"Serkan Kaya","twitter_card":"summary_large_image","twitter_creator":"@veraclinic","twitter_site":"@veraclinic","twitter_misc":{"Verfasst von":"Serkan Kaya","Gesch\u00e4tzte Lesezeit":"4\u00a0Minuten"},"schema":{"@context":"https:\/\/schema.org","@graph":[{"@type":["Article","BlogPosting"],"@id":"https:\/\/www.veraclinic.net\/de\/vitamin-d-fuer-haarwachstum\/#article","isPartOf":{"@id":"https:\/\/www.veraclinic.net\/de\/vitamin-d-fuer-haarwachstum\/"},"author":{"name":"Serkan Kaya","@id":"https:\/\/www.veraclinic.net\/de\/#\/schema\/person\/cf2a89faa60b0f336c0e3ddd9a9ebf93"},"headline":"Wie f\u00f6rdert Vitamin D das Haarwachstum? Alle Details","datePublished":"2024-02-14T14:16:48+00:00","mainEntityOfPage":{"@id":"https:\/\/www.veraclinic.net\/de\/vitamin-d-fuer-haarwachstum\/"},"wordCount":775,"publisher":{"@id":"https:\/\/www.veraclinic.net\/de\/#organization"},"image":{"@id":"https:\/\/www.veraclinic.net\/de\/vitamin-d-fuer-haarwachstum\/#primaryimage"},"thumbnailUrl":"https:\/\/www.veraclinic.net\/wp-content\/uploads\/2024\/02\/Wie-fordert-Vitamin-D-das-Haarwachstum-Alle-Details.webp","articleSection":["Unkategorisiert"],"inLanguage":"de"},{"@type":"MedicalWebPage","@id":"https:\/\/www.veraclinic.net\/de\/vitamin-d-fuer-haarwachstum\/","url":"https:\/\/www.veraclinic.net\/de\/vitamin-d-fuer-haarwachstum\/","name":"Wie f\u00f6rdert Vitamin D das Haarwachstum? Alle Details","isPartOf":{"@id":"https:\/\/www.veraclinic.net\/de\/#website"},"primaryImageOfPage":{"@id":"https:\/\/www.veraclinic.net\/de\/vitamin-d-fuer-haarwachstum\/#primaryimage"},"image":{"@id":"https:\/\/www.veraclinic.net\/de\/vitamin-d-fuer-haarwachstum\/#primaryimage"},"thumbnailUrl":"https:\/\/www.veraclinic.net\/wp-content\/uploads\/2024\/02\/Wie-fordert-Vitamin-D-das-Haarwachstum-Alle-Details.webp","datePublished":"2024-02-14T14:16:48+00:00","description":"Vitamin D Haarwachstum, Vitamin D ist ein fettl\u00f6sliches Vitamin, das eine entscheidende Rolle im K\u00f6rper spielt. Es ist wichtig f\u00fcr die...","breadcrumb":{"@id":"https:\/\/www.veraclinic.net\/de\/vitamin-d-fuer-haarwachstum\/#breadcrumb"},"inLanguage":"de","potentialAction":[{"@type":"ReadAction","target":["https:\/\/www.veraclinic.net\/de\/vitamin-d-fuer-haarwachstum\/"]}],"reviewedBy":{"@type":"Physician","@id":"https:\/\/www.veraclinic.net\/our-doctors\/emin-gul\/#physician"},"lastReviewed":"2024-02-14","audience":{"@type":"MedicalAudience","audienceType":"Patients"}},{"@type":"ImageObject","inLanguage":"de","@id":"https:\/\/www.veraclinic.net\/de\/vitamin-d-fuer-haarwachstum\/#primaryimage","url":"https:\/\/www.veraclinic.net\/wp-content\/uploads\/2024\/02\/Wie-fordert-Vitamin-D-das-Haarwachstum-Alle-Details.webp","contentUrl":"https:\/\/www.veraclinic.net\/wp-content\/uploads\/2024\/02\/Wie-fordert-Vitamin-D-das-Haarwachstum-Alle-Details.webp","width":780,"height":470,"caption":"Wie f\u00f6rdert Vitamin D das Haarwachstum"},{"@type":"BreadcrumbList","@id":"https:\/\/www.veraclinic.net\/de\/vitamin-d-fuer-haarwachstum\/#breadcrumb","itemListElement":[{"@type":"ListItem","position":1,"name":"Haartransplantation in der T\u00fcrkei","item":"https:\/\/www.veraclinic.net\/de\/"},{"@type":"ListItem","position":2,"name":"Wie f\u00f6rdert Vitamin D das Haarwachstum? Alle Details"}]},{"@type":"WebSite","@id":"https:\/\/www.veraclinic.net\/de\/#website","url":"https:\/\/www.veraclinic.net\/de\/","name":"Hair Transplant Turkey - Istanbul 2026","description":"Hair Transplant Turkey - Istanbul 2026","publisher":{"@id":"https:\/\/www.veraclinic.net\/de\/#organization"},"alternateName":"Vera Clinic","potentialAction":[{"@type":"SearchAction","target":{"@type":"EntryPoint","urlTemplate":"https:\/\/www.veraclinic.net\/de\/?s={search_term_string}"},"query-input":{"@type":"PropertyValueSpecification","valueRequired":true,"valueName":"search_term_string"}}],"inLanguage":"de"},{"@type":["Organization","MedicalBusiness","MedicalOrganization"],"@id":"https:\/\/www.veraclinic.net\/#medicalorg","name":"Vera Clinic | Hair Transplant Turkey - Istanbul","alternateName":"Vera Clinic","url":"https:\/\/www.veraclinic.net\/de\/","logo":{"@type":"ImageObject","inLanguage":"de","@id":"https:\/\/www.veraclinic.net\/de\/#\/schema\/logo\/image\/","url":"https:\/\/www.veraclinic.net\/wp-content\/uploads\/2023\/08\/Black.svg","contentUrl":"https:\/\/www.veraclinic.net\/wp-content\/uploads\/2023\/08\/Black.svg","caption":"Vera Clinic | Hair Transplant Turkey - Istanbul"},"image":{"@id":"https:\/\/www.veraclinic.net\/de\/#\/schema\/logo\/image\/"},"sameAs":["https:\/\/www.facebook.com\/veraclinic.net","https:\/\/x.com\/veraclinic","https:\/\/www.instagram.com\/veraclinic","https:\/\/www.linkedin.com\/company\/veraclinic\/","https:\/\/www.pinterest.com\/veraclinic\/","https:\/\/www.youtube.com\/c\/VeraClinic"],"legalName":"ESTEVERA SA\u011eLIK H\u0130Z. VE DAN. T\u0130C. LTD. ST\u0130.","vatID":"936499-0","taxID":"3800538109","medicalSpecialty":["Dermatology","PlasticSurgery","Hair Restoration"],"slogan":"Hair Transplant Turkey - Istanbul 2026","department":{"@type":"MedicalClinic","name":"Hair Restoration Clinic","image":"https:\/\/www.veraclinic.net\/wp-content\/uploads\/2023\/08\/Black.svg"}},{"@type":"Person","@id":"https:\/\/www.veraclinic.net\/de\/#\/schema\/person\/cf2a89faa60b0f336c0e3ddd9a9ebf93","name":"Serkan Kaya","image":{"@type":"ImageObject","inLanguage":"de","@id":"https:\/\/secure.gravatar.com\/avatar\/7be7270f63c439d0c7a2eb338af8fdae8d8a9bcf26af0aa6d1e01bfdf92390b5?s=96&d=mm&r=g","url":"https:\/\/secure.gravatar.com\/avatar\/7be7270f63c439d0c7a2eb338af8fdae8d8a9bcf26af0aa6d1e01bfdf92390b5?s=96&d=mm&r=g","contentUrl":"https:\/\/secure.gravatar.com\/avatar\/7be7270f63c439d0c7a2eb338af8fdae8d8a9bcf26af0aa6d1e01bfdf92390b5?s=96&d=mm&r=g","caption":"Serkan Kaya"},"sameAs":["https:\/\/www.veraclinic.net"]}]}},"_links":{"self":[{"href":"https:\/\/www.veraclinic.net\/de\/wp-json\/wp\/v2\/posts\/118620","targetHints":{"allow":["GET"]}}],"collection":[{"href":"https:\/\/www.veraclinic.net\/de\/wp-json\/wp\/v2\/posts"}],"about":[{"href":"https:\/\/www.veraclinic.net\/de\/wp-json\/wp\/v2\/types\/post"}],"author":[{"embeddable":true,"href":"https:\/\/www.veraclinic.net\/de\/wp-json\/wp\/v2\/users\/1"}],"replies":[{"embeddable":true,"href":"https:\/\/www.veraclinic.net\/de\/wp-json\/wp\/v2\/comments?post=118620"}],"version-history":[{"count":1,"href":"https:\/\/www.veraclinic.net\/de\/wp-json\/wp\/v2\/posts\/118620\/revisions"}],"predecessor-version":[{"id":118629,"href":"https:\/\/www.veraclinic.net\/de\/wp-json\/wp\/v2\/posts\/118620\/revisions\/118629"}],"wp:featuredmedia":[{"embeddable":true,"href":"https:\/\/www.veraclinic.net\/de\/wp-json\/wp\/v2\/media\/118621"}],"wp:attachment":[{"href":"https:\/\/www.veraclinic.net\/de\/wp-json\/wp\/v2\/media?parent=118620"}],"wp:term":[{"taxonomy":"category","embeddable":true,"href":"https:\/\/www.veraclinic.net\/de\/wp-json\/wp\/v2\/categories?post=118620"},{"taxonomy":"post_tag","embeddable":true,"href":"https:\/\/www.veraclinic.net\/de\/wp-json\/wp\/v2\/tags?post=118620"}],"curies":[{"name":"wp","href":"https:\/\/api.w.org\/{rel}","templated":true}]}}